{"id":10699,"date":"2022-02-10T20:04:40","date_gmt":"2022-02-10T19:04:40","guid":{"rendered":"https:\/\/www.asmm.fr\/?p=10699"},"modified":"2024-09-10T15:44:11","modified_gmt":"2024-09-10T13:44:11","slug":"jean-gobinet-rentre-dans-lequipe-pedagogique","status":"publish","type":"post","link":"https:\/\/www.asmm.fr\/en\/jean-gobinet-rentre-dans-lequipe-pedagogique\/","title":{"rendered":"Jean Gobinet rentre dans l&#8217;\u00e9quipe p\u00e9dagogique"},"content":{"rendered":"<div class=\"\" data-block=\"true\" data-editor=\"chu5l\" data-offset-key=\"eb1k9-0-0\">\n<div class=\"_1mf _1mj\" data-offset-key=\"eb1k9-0-0\"><span data-offset-key=\"eb1k9-0-0\">L&#8217;<\/span><span data-offset-key=\"eb1k9-1-0\">American<\/span><span data-offset-key=\"eb1k9-2-0\"> School of Modern Music \u00e0 le plaisir d&#8217;accueillir le Trompettiste\/Compositeur\/Arrangeur &amp; Orchestrateur) Jean Gobinet dans son \u00e9quipe p\u00e9dagogique pour des cours d&#8217;arrangement, d&#8217;orchestration et de musique \u00e0 l&#8217;image.<\/span><\/div>\n<\/div>\n<div class=\"\" data-block=\"true\" data-editor=\"chu5l\" data-offset-key=\"3evmj-0-0\">\n<div class=\"_1mf _1mj\" data-offset-key=\"3evmj-0-0\"><span data-offset-key=\"3evmj-0-0\">\u00a0<\/span><\/div>\n<\/div>\n<div class=\"\" data-block=\"true\" data-editor=\"chu5l\" data-offset-key=\"60anl-0-0\">\n<div class=\"_1mf _1mj\" data-offset-key=\"60anl-0-0\"><span data-offset-key=\"60anl-0-0\">Trompettiste de formation, Jean Gobinet a collabor\u00e9 comme interpr\u00e8te ou arrangeur\/compositeur avec Stevie Wonder, Quincy Jones, Didier Lockwood, l&#8217;Orchestre National de Jazz, l&#8217; Orchestre Philarmonique de Strasbourg, le London Symphony Orchestra, HENRI SALVADOR OFFICIEL, Gilbert B\u00e9caud et bien d\u2019autres encore&#8230;<\/span><\/div>\n<\/div>\n<div class=\"\" data-block=\"true\" data-editor=\"chu5l\" data-offset-key=\"6nnc2-0-0\">\n<div class=\"_1mf _1mj\" data-offset-key=\"6nnc2-0-0\"><span data-offset-key=\"6nnc2-0-0\">\u00a0<\/span><\/div>\n<\/div>\n<div class=\"\" data-block=\"true\" data-editor=\"chu5l\" data-offset-key=\"1r6tk-0-0\">\n<div class=\"_1mf _1mj\" data-offset-key=\"1r6tk-0-0\"><span data-offset-key=\"1r6tk-0-0\">Titulaire d\u2019une bourse Fullbright obtenue en 1986, il passe deux ann\u00e9es \u00e0 Los Angeles o\u00f9 il \u00e9tudie la musique de film avec David Angel, Allyn Ferguson et Joe Harnell.<\/span><\/div>\n<\/div>\n<div class=\"\" data-block=\"true\" data-editor=\"chu5l\" data-offset-key=\"2fgbe-0-0\">\n<div class=\"_1mf _1mj\" data-offset-key=\"2fgbe-0-0\"><span data-offset-key=\"2fgbe-0-0\">\u00a0<\/span><\/div>\n<\/div>\n<div class=\"\" data-block=\"true\" data-editor=\"chu5l\" data-offset-key=\"ep4j5-0-0\">\n<div class=\"_1mf _1mj\" data-offset-key=\"ep4j5-0-0\"><span data-offset-key=\"ep4j5-0-0\">Son parcours est notamment marqu\u00e9 par sa participation en tant qu\u2019arrangeur<\/span><\/div>\n<\/div>\n<div class=\"\" data-block=\"true\" data-editor=\"chu5l\" data-offset-key=\"b8fg4-0-0\">\n<div class=\"_1mf _1mj\" data-offset-key=\"b8fg4-0-0\"><span data-offset-key=\"b8fg4-0-0\">\u00e0 la bande originale de The Artist qui obtient un Oscar, un C\u00e9sar et de nombreuses autres r\u00e9compenses internationales.<\/span><\/div>\n<\/div>\n<div class=\"\" data-block=\"true\" data-editor=\"chu5l\" data-offset-key=\"bq8cf-0-0\">\n<div class=\"_1mf _1mj\" data-offset-key=\"bq8cf-0-0\"><span data-offset-key=\"bq8cf-0-0\">\u00a0<\/span><\/div>\n<\/div>\n<div class=\"\" data-block=\"true\" data-editor=\"chu5l\" data-offset-key=\"dc0dj-0-0\">\n<div class=\"_1mf _1mj\" data-offset-key=\"dc0dj-0-0\"><span class=\"py34i1dx\"><span data-offset-key=\"dc0dj-0-0\">www.jeangobinet.com<\/span><\/span><\/div>\n<\/div>\n","protected":false},"excerpt":{"rendered":"<p>L&#8217;American School of Modern Music \u00e0 le plaisir d&#8217;accueillir le Trompettiste\/Compositeur\/Arrangeur &amp; Orchestrateur) Jean Gobinet dans son \u00e9quipe p\u00e9dagogique pour des cours d&#8217;arrangement, d&#8217;orchestration et de musique \u00e0 l&#8217;image. \u00a0 Trompettiste de formation, Jean Gobinet a collabor\u00e9 comme interpr\u00e8te ou arrangeur\/compositeur avec Stevie Wonder, Quincy Jones, Didier Lockwood, l&#8217;Orchestre National de Jazz, l&#8217; Orchestre Philarmonique [&hellip;]<\/p>\n","protected":false},"author":3,"featured_media":10702,"comment_status":"closed","ping_status":"closed","sticky":false,"template":"","format":"standard","meta":{"_acf_changed":false,"mc4wp_mailchimp_campaign":[],"footnotes":""},"categories":[9,10],"tags":[],"class_list":["post-10699","post","type-post","status-publish","format-standard","has-post-thumbnail","hentry","category-news","category-professeur"],"acf":[],"yoast_head":"<!-- This site is optimized with the Yoast SEO plugin v27.5 - https:\/\/yoast.com\/product\/yoast-seo-wordpress\/ -->\n<title>Jean Gobinet rentre dans l&#039;\u00e9quipe p\u00e9dagogique - American School of Modern Music<\/title>\n<meta name=\"robots\" content=\"index, follow, max-snippet:-1, max-image-preview:large, max-video-preview:-1\" \/>\n<link rel=\"canonical\" href=\"https:\/\/www.asmm.fr\/en\/jean-gobinet-rentre-dans-lequipe-pedagogique\/\" \/>\n<meta property=\"og:locale\" content=\"en_US\" \/>\n<meta property=\"og:type\" content=\"article\" \/>\n<meta property=\"og:title\" content=\"Jean Gobinet rentre dans l&#039;\u00e9quipe p\u00e9dagogique - American School of Modern Music\" \/>\n<meta property=\"og:description\" content=\"L&#8217;American School of Modern Music \u00e0 le plaisir d&#8217;accueillir le Trompettiste\/Compositeur\/Arrangeur &amp; Orchestrateur) Jean Gobinet dans son \u00e9quipe p\u00e9dagogique pour des cours d&#8217;arrangement, d&#8217;orchestration et de musique \u00e0 l&#8217;image. \u00a0 Trompettiste de formation, Jean Gobinet a collabor\u00e9 comme interpr\u00e8te ou arrangeur\/compositeur avec Stevie Wonder, Quincy Jones, Didier Lockwood, l&#8217;Orchestre National de Jazz, l&#8217; Orchestre Philarmonique [&hellip;]\" \/>\n<meta property=\"og:url\" content=\"https:\/\/www.asmm.fr\/en\/jean-gobinet-rentre-dans-lequipe-pedagogique\/\" \/>\n<meta property=\"og:site_name\" content=\"American School of Modern Music\" \/>\n<meta property=\"article:publisher\" content=\"https:\/\/www.facebook.com\/asmm.fr\/\" \/>\n<meta property=\"article:published_time\" content=\"2022-02-10T19:04:40+00:00\" \/>\n<meta property=\"article:modified_time\" content=\"2024-09-10T13:44:11+00:00\" \/>\n<meta property=\"og:image\" content=\"https:\/\/www.asmm.fr\/wp-content\/uploads\/2022\/02\/JEAN-e1644520332722-1.jpeg\" \/>\n\t<meta property=\"og:image:width\" content=\"342\" \/>\n\t<meta property=\"og:image:height\" content=\"500\" \/>\n\t<meta property=\"og:image:type\" content=\"image\/jpeg\" \/>\n<meta name=\"author\" content=\"ASMM\" \/>\n<meta name=\"twitter:card\" content=\"summary_large_image\" \/>\n<meta name=\"twitter:creator\" content=\"@AsmmParis\" \/>\n<meta name=\"twitter:site\" content=\"@AsmmParis\" \/>\n<meta name=\"twitter:label1\" content=\"Written by\" \/>\n\t<meta name=\"twitter:data1\" content=\"ASMM\" \/>\n\t<meta name=\"twitter:label2\" content=\"Est. reading time\" \/>\n\t<meta name=\"twitter:data2\" content=\"1 minute\" \/>\n<script type=\"application\/ld+json\" class=\"yoast-schema-graph\">{\"@context\":\"https:\\\/\\\/schema.org\",\"@graph\":[{\"@type\":\"Article\",\"@id\":\"https:\\\/\\\/www.asmm.fr\\\/en\\\/jean-gobinet-rentre-dans-lequipe-pedagogique\\\/#article\",\"isPartOf\":{\"@id\":\"https:\\\/\\\/www.asmm.fr\\\/en\\\/jean-gobinet-rentre-dans-lequipe-pedagogique\\\/\"},\"author\":{\"name\":\"ASMM\",\"@id\":\"https:\\\/\\\/www.asmm.fr\\\/en\\\/#\\\/schema\\\/person\\\/773bda4e974473158b0f60ff0f76023d\"},\"headline\":\"Jean Gobinet rentre dans l&#8217;\u00e9quipe p\u00e9dagogique\",\"datePublished\":\"2022-02-10T19:04:40+00:00\",\"dateModified\":\"2024-09-10T13:44:11+00:00\",\"mainEntityOfPage\":{\"@id\":\"https:\\\/\\\/www.asmm.fr\\\/en\\\/jean-gobinet-rentre-dans-lequipe-pedagogique\\\/\"},\"wordCount\":152,\"publisher\":{\"@id\":\"https:\\\/\\\/www.asmm.fr\\\/en\\\/#organization\"},\"image\":{\"@id\":\"https:\\\/\\\/www.asmm.fr\\\/en\\\/jean-gobinet-rentre-dans-lequipe-pedagogique\\\/#primaryimage\"},\"thumbnailUrl\":\"https:\\\/\\\/www.asmm.fr\\\/wp-content\\\/uploads\\\/2022\\\/02\\\/JEAN-e1644520332722-1.jpeg\",\"articleSection\":[\"News\",\"Professeur\"],\"inLanguage\":\"en-US\"},{\"@type\":\"WebPage\",\"@id\":\"https:\\\/\\\/www.asmm.fr\\\/en\\\/jean-gobinet-rentre-dans-lequipe-pedagogique\\\/\",\"url\":\"https:\\\/\\\/www.asmm.fr\\\/en\\\/jean-gobinet-rentre-dans-lequipe-pedagogique\\\/\",\"name\":\"Jean Gobinet rentre dans l'\u00e9quipe p\u00e9dagogique - American School of Modern Music\",\"isPartOf\":{\"@id\":\"https:\\\/\\\/www.asmm.fr\\\/en\\\/#website\"},\"primaryImageOfPage\":{\"@id\":\"https:\\\/\\\/www.asmm.fr\\\/en\\\/jean-gobinet-rentre-dans-lequipe-pedagogique\\\/#primaryimage\"},\"image\":{\"@id\":\"https:\\\/\\\/www.asmm.fr\\\/en\\\/jean-gobinet-rentre-dans-lequipe-pedagogique\\\/#primaryimage\"},\"thumbnailUrl\":\"https:\\\/\\\/www.asmm.fr\\\/wp-content\\\/uploads\\\/2022\\\/02\\\/JEAN-e1644520332722-1.jpeg\",\"datePublished\":\"2022-02-10T19:04:40+00:00\",\"dateModified\":\"2024-09-10T13:44:11+00:00\",\"breadcrumb\":{\"@id\":\"https:\\\/\\\/www.asmm.fr\\\/en\\\/jean-gobinet-rentre-dans-lequipe-pedagogique\\\/#breadcrumb\"},\"inLanguage\":\"en-US\",\"potentialAction\":[{\"@type\":\"ReadAction\",\"target\":[\"https:\\\/\\\/www.asmm.fr\\\/en\\\/jean-gobinet-rentre-dans-lequipe-pedagogique\\\/\"]}]},{\"@type\":\"ImageObject\",\"inLanguage\":\"en-US\",\"@id\":\"https:\\\/\\\/www.asmm.fr\\\/en\\\/jean-gobinet-rentre-dans-lequipe-pedagogique\\\/#primaryimage\",\"url\":\"https:\\\/\\\/www.asmm.fr\\\/wp-content\\\/uploads\\\/2022\\\/02\\\/JEAN-e1644520332722-1.jpeg\",\"contentUrl\":\"https:\\\/\\\/www.asmm.fr\\\/wp-content\\\/uploads\\\/2022\\\/02\\\/JEAN-e1644520332722-1.jpeg\",\"width\":342,\"height\":500},{\"@type\":\"BreadcrumbList\",\"@id\":\"https:\\\/\\\/www.asmm.fr\\\/en\\\/jean-gobinet-rentre-dans-lequipe-pedagogique\\\/#breadcrumb\",\"itemListElement\":[{\"@type\":\"ListItem\",\"position\":1,\"name\":\"Accueil\",\"item\":\"https:\\\/\\\/www.asmm.fr\\\/en\\\/\"},{\"@type\":\"ListItem\",\"position\":2,\"name\":\"Jean Gobinet rentre dans l&rsquo;\u00e9quipe p\u00e9dagogique\"}]},{\"@type\":\"WebSite\",\"@id\":\"https:\\\/\\\/www.asmm.fr\\\/en\\\/#website\",\"url\":\"https:\\\/\\\/www.asmm.fr\\\/en\\\/\",\"name\":\"American School of Modern Music\",\"description\":\"\",\"publisher\":{\"@id\":\"https:\\\/\\\/www.asmm.fr\\\/en\\\/#organization\"},\"potentialAction\":[{\"@type\":\"SearchAction\",\"target\":{\"@type\":\"EntryPoint\",\"urlTemplate\":\"https:\\\/\\\/www.asmm.fr\\\/en\\\/?s={search_term_string}\"},\"query-input\":{\"@type\":\"PropertyValueSpecification\",\"valueRequired\":true,\"valueName\":\"search_term_string\"}}],\"inLanguage\":\"en-US\"},{\"@type\":\"Organization\",\"@id\":\"https:\\\/\\\/www.asmm.fr\\\/en\\\/#organization\",\"name\":\"American School of Modern Music\",\"url\":\"https:\\\/\\\/www.asmm.fr\\\/en\\\/\",\"logo\":{\"@type\":\"ImageObject\",\"inLanguage\":\"en-US\",\"@id\":\"https:\\\/\\\/www.asmm.fr\\\/en\\\/#\\\/schema\\\/logo\\\/image\\\/\",\"url\":\"https:\\\/\\\/www.asmm.fr\\\/wp-content\\\/uploads\\\/2020\\\/09\\\/cropped-Round-asmm-logo-1.png\",\"contentUrl\":\"https:\\\/\\\/www.asmm.fr\\\/wp-content\\\/uploads\\\/2020\\\/09\\\/cropped-Round-asmm-logo-1.png\",\"width\":512,\"height\":512,\"caption\":\"American School of Modern Music\"},\"image\":{\"@id\":\"https:\\\/\\\/www.asmm.fr\\\/en\\\/#\\\/schema\\\/logo\\\/image\\\/\"},\"sameAs\":[\"https:\\\/\\\/www.facebook.com\\\/asmm.fr\\\/\",\"https:\\\/\\\/x.com\\\/AsmmParis\",\"http:\\\/\\\/www.instagram.com\\\/asmmofficial\\\/\",\"https:\\\/\\\/www.youtube.com\\\/channel\\\/UCLhKwvFjBzMHOfjrFW0KCVA\"]},{\"@type\":\"Person\",\"@id\":\"https:\\\/\\\/www.asmm.fr\\\/en\\\/#\\\/schema\\\/person\\\/773bda4e974473158b0f60ff0f76023d\",\"name\":\"ASMM\",\"image\":{\"@type\":\"ImageObject\",\"inLanguage\":\"en-US\",\"@id\":\"https:\\\/\\\/secure.gravatar.com\\\/avatar\\\/6c5788c87f133855884dca3ce5263ee6e918196a01e8edd2de38e1bbca64ef2f?s=96&d=mm&r=g\",\"url\":\"https:\\\/\\\/secure.gravatar.com\\\/avatar\\\/6c5788c87f133855884dca3ce5263ee6e918196a01e8edd2de38e1bbca64ef2f?s=96&d=mm&r=g\",\"contentUrl\":\"https:\\\/\\\/secure.gravatar.com\\\/avatar\\\/6c5788c87f133855884dca3ce5263ee6e918196a01e8edd2de38e1bbca64ef2f?s=96&d=mm&r=g\",\"caption\":\"ASMM\"}}]}<\/script>\n<!-- \/ Yoast SEO plugin. -->","yoast_head_json":{"title":"Jean Gobinet rentre dans l'\u00e9quipe p\u00e9dagogique - American School of Modern Music","robots":{"index":"index","follow":"follow","max-snippet":"max-snippet:-1","max-image-preview":"max-image-preview:large","max-video-preview":"max-video-preview:-1"},"canonical":"https:\/\/www.asmm.fr\/en\/jean-gobinet-rentre-dans-lequipe-pedagogique\/","og_locale":"en_US","og_type":"article","og_title":"Jean Gobinet rentre dans l'\u00e9quipe p\u00e9dagogique - American School of Modern Music","og_description":"L&#8217;American School of Modern Music \u00e0 le plaisir d&#8217;accueillir le Trompettiste\/Compositeur\/Arrangeur &amp; Orchestrateur) Jean Gobinet dans son \u00e9quipe p\u00e9dagogique pour des cours d&#8217;arrangement, d&#8217;orchestration et de musique \u00e0 l&#8217;image. \u00a0 Trompettiste de formation, Jean Gobinet a collabor\u00e9 comme interpr\u00e8te ou arrangeur\/compositeur avec Stevie Wonder, Quincy Jones, Didier Lockwood, l&#8217;Orchestre National de Jazz, l&#8217; Orchestre Philarmonique [&hellip;]","og_url":"https:\/\/www.asmm.fr\/en\/jean-gobinet-rentre-dans-lequipe-pedagogique\/","og_site_name":"American School of Modern Music","article_publisher":"https:\/\/www.facebook.com\/asmm.fr\/","article_published_time":"2022-02-10T19:04:40+00:00","article_modified_time":"2024-09-10T13:44:11+00:00","og_image":[{"width":342,"height":500,"url":"https:\/\/www.asmm.fr\/wp-content\/uploads\/2022\/02\/JEAN-e1644520332722-1.jpeg","type":"image\/jpeg"}],"author":"ASMM","twitter_card":"summary_large_image","twitter_creator":"@AsmmParis","twitter_site":"@AsmmParis","twitter_misc":{"Written by":"ASMM","Est. reading time":"1 minute"},"schema":{"@context":"https:\/\/schema.org","@graph":[{"@type":"Article","@id":"https:\/\/www.asmm.fr\/en\/jean-gobinet-rentre-dans-lequipe-pedagogique\/#article","isPartOf":{"@id":"https:\/\/www.asmm.fr\/en\/jean-gobinet-rentre-dans-lequipe-pedagogique\/"},"author":{"name":"ASMM","@id":"https:\/\/www.asmm.fr\/en\/#\/schema\/person\/773bda4e974473158b0f60ff0f76023d"},"headline":"Jean Gobinet rentre dans l&#8217;\u00e9quipe p\u00e9dagogique","datePublished":"2022-02-10T19:04:40+00:00","dateModified":"2024-09-10T13:44:11+00:00","mainEntityOfPage":{"@id":"https:\/\/www.asmm.fr\/en\/jean-gobinet-rentre-dans-lequipe-pedagogique\/"},"wordCount":152,"publisher":{"@id":"https:\/\/www.asmm.fr\/en\/#organization"},"image":{"@id":"https:\/\/www.asmm.fr\/en\/jean-gobinet-rentre-dans-lequipe-pedagogique\/#primaryimage"},"thumbnailUrl":"https:\/\/www.asmm.fr\/wp-content\/uploads\/2022\/02\/JEAN-e1644520332722-1.jpeg","articleSection":["News","Professeur"],"inLanguage":"en-US"},{"@type":"WebPage","@id":"https:\/\/www.asmm.fr\/en\/jean-gobinet-rentre-dans-lequipe-pedagogique\/","url":"https:\/\/www.asmm.fr\/en\/jean-gobinet-rentre-dans-lequipe-pedagogique\/","name":"Jean Gobinet rentre dans l'\u00e9quipe p\u00e9dagogique - American School of Modern Music","isPartOf":{"@id":"https:\/\/www.asmm.fr\/en\/#website"},"primaryImageOfPage":{"@id":"https:\/\/www.asmm.fr\/en\/jean-gobinet-rentre-dans-lequipe-pedagogique\/#primaryimage"},"image":{"@id":"https:\/\/www.asmm.fr\/en\/jean-gobinet-rentre-dans-lequipe-pedagogique\/#primaryimage"},"thumbnailUrl":"https:\/\/www.asmm.fr\/wp-content\/uploads\/2022\/02\/JEAN-e1644520332722-1.jpeg","datePublished":"2022-02-10T19:04:40+00:00","dateModified":"2024-09-10T13:44:11+00:00","breadcrumb":{"@id":"https:\/\/www.asmm.fr\/en\/jean-gobinet-rentre-dans-lequipe-pedagogique\/#breadcrumb"},"inLanguage":"en-US","potentialAction":[{"@type":"ReadAction","target":["https:\/\/www.asmm.fr\/en\/jean-gobinet-rentre-dans-lequipe-pedagogique\/"]}]},{"@type":"ImageObject","inLanguage":"en-US","@id":"https:\/\/www.asmm.fr\/en\/jean-gobinet-rentre-dans-lequipe-pedagogique\/#primaryimage","url":"https:\/\/www.asmm.fr\/wp-content\/uploads\/2022\/02\/JEAN-e1644520332722-1.jpeg","contentUrl":"https:\/\/www.asmm.fr\/wp-content\/uploads\/2022\/02\/JEAN-e1644520332722-1.jpeg","width":342,"height":500},{"@type":"BreadcrumbList","@id":"https:\/\/www.asmm.fr\/en\/jean-gobinet-rentre-dans-lequipe-pedagogique\/#breadcrumb","itemListElement":[{"@type":"ListItem","position":1,"name":"Accueil","item":"https:\/\/www.asmm.fr\/en\/"},{"@type":"ListItem","position":2,"name":"Jean Gobinet rentre dans l&rsquo;\u00e9quipe p\u00e9dagogique"}]},{"@type":"WebSite","@id":"https:\/\/www.asmm.fr\/en\/#website","url":"https:\/\/www.asmm.fr\/en\/","name":"American School of Modern Music","description":"","publisher":{"@id":"https:\/\/www.asmm.fr\/en\/#organization"},"potentialAction":[{"@type":"SearchAction","target":{"@type":"EntryPoint","urlTemplate":"https:\/\/www.asmm.fr\/en\/?s={search_term_string}"},"query-input":{"@type":"PropertyValueSpecification","valueRequired":true,"valueName":"search_term_string"}}],"inLanguage":"en-US"},{"@type":"Organization","@id":"https:\/\/www.asmm.fr\/en\/#organization","name":"American School of Modern Music","url":"https:\/\/www.asmm.fr\/en\/","logo":{"@type":"ImageObject","inLanguage":"en-US","@id":"https:\/\/www.asmm.fr\/en\/#\/schema\/logo\/image\/","url":"https:\/\/www.asmm.fr\/wp-content\/uploads\/2020\/09\/cropped-Round-asmm-logo-1.png","contentUrl":"https:\/\/www.asmm.fr\/wp-content\/uploads\/2020\/09\/cropped-Round-asmm-logo-1.png","width":512,"height":512,"caption":"American School of Modern Music"},"image":{"@id":"https:\/\/www.asmm.fr\/en\/#\/schema\/logo\/image\/"},"sameAs":["https:\/\/www.facebook.com\/asmm.fr\/","https:\/\/x.com\/AsmmParis","http:\/\/www.instagram.com\/asmmofficial\/","https:\/\/www.youtube.com\/channel\/UCLhKwvFjBzMHOfjrFW0KCVA"]},{"@type":"Person","@id":"https:\/\/www.asmm.fr\/en\/#\/schema\/person\/773bda4e974473158b0f60ff0f76023d","name":"ASMM","image":{"@type":"ImageObject","inLanguage":"en-US","@id":"https:\/\/secure.gravatar.com\/avatar\/6c5788c87f133855884dca3ce5263ee6e918196a01e8edd2de38e1bbca64ef2f?s=96&d=mm&r=g","url":"https:\/\/secure.gravatar.com\/avatar\/6c5788c87f133855884dca3ce5263ee6e918196a01e8edd2de38e1bbca64ef2f?s=96&d=mm&r=g","contentUrl":"https:\/\/secure.gravatar.com\/avatar\/6c5788c87f133855884dca3ce5263ee6e918196a01e8edd2de38e1bbca64ef2f?s=96&d=mm&r=g","caption":"ASMM"}}]}},"_links":{"self":[{"href":"https:\/\/www.asmm.fr\/en\/wp-json\/wp\/v2\/posts\/10699","targetHints":{"allow":["GET"]}}],"collection":[{"href":"https:\/\/www.asmm.fr\/en\/wp-json\/wp\/v2\/posts"}],"about":[{"href":"https:\/\/www.asmm.fr\/en\/wp-json\/wp\/v2\/types\/post"}],"author":[{"embeddable":true,"href":"https:\/\/www.asmm.fr\/en\/wp-json\/wp\/v2\/users\/3"}],"replies":[{"embeddable":true,"href":"https:\/\/www.asmm.fr\/en\/wp-json\/wp\/v2\/comments?post=10699"}],"version-history":[{"count":1,"href":"https:\/\/www.asmm.fr\/en\/wp-json\/wp\/v2\/posts\/10699\/revisions"}],"predecessor-version":[{"id":13860,"href":"https:\/\/www.asmm.fr\/en\/wp-json\/wp\/v2\/posts\/10699\/revisions\/13860"}],"wp:featuredmedia":[{"embeddable":true,"href":"https:\/\/www.asmm.fr\/en\/wp-json\/wp\/v2\/media\/10702"}],"wp:attachment":[{"href":"https:\/\/www.asmm.fr\/en\/wp-json\/wp\/v2\/media?parent=10699"}],"wp:term":[{"taxonomy":"category","embeddable":true,"href":"https:\/\/www.asmm.fr\/en\/wp-json\/wp\/v2\/categories?post=10699"},{"taxonomy":"post_tag","embeddable":true,"href":"https:\/\/www.asmm.fr\/en\/wp-json\/wp\/v2\/tags?post=10699"}],"curies":[{"name":"wp","href":"https:\/\/api.w.org\/{rel}","templated":true}]}}