{"id":12515,"date":"2023-11-13T10:56:56","date_gmt":"2023-11-13T09:56:56","guid":{"rendered":"https:\/\/www.asmm.fr\/?p=12515"},"modified":"2025-01-17T12:51:22","modified_gmt":"2025-01-17T11:51:22","slug":"professeur-alex-terrier-nomine-aux-grammy-awards","status":"publish","type":"post","link":"https:\/\/www.asmm.fr\/en\/professeur-alex-terrier-nomine-aux-grammy-awards\/","title":{"rendered":"Professeur Alex Terrier nomin\u00e9 aux Grammy Awards"},"content":{"rendered":"<p>\/\/\u00c9v\u00e8nement professeur\/\/<\/p>\n<p>Nous avons le plaisir d&#8217;annoncer que notre professeur Alex Terrier Music vient d&#8217;\u00eatre nomin\u00e9 avec le <a href=\"https:\/\/www.charlesmingus.com\/\">Mingus Big Band<\/a> aux Grammy Awards avec leur dernier album <a href=\"https:\/\/open.spotify.com\/intl-fr\/album\/2G6jaAuHeUHNr0McnkKvyd?si=ecf1D-3gSlK3esWvy02qrQ\">The Centennial Sessions<\/a>!<\/p>\n<p class=\"p1\">Les\u00a0<b>Grammy Awards<\/b>\u00a0ou\u00a0<b>Grammys<\/b>\u00a0(initialement intitul\u00e9es les\u00a0<b>Gramophone Awards<\/b>) sont des r\u00e9compenses cr\u00e9\u00e9es en 1958\u00a0d\u00e9cern\u00e9es chaque ann\u00e9e aux US\u00a0\u00a0par la\u00a0<a href=\"https:\/\/fr.wikipedia.org\/wiki\/National_Academy_of_Recording_Arts_and_Sciences\"><span class=\"s1\">National Academy of Recording Arts and Sciences<\/span><\/a>\u00a0afin d&#8217;honorer les meilleurs artistes et les meilleurs techniciens dans le domaine de la musique\u00a0et de l&#8217;industrie am\u00e9ricaine du disque.<\/p>\n<p>Fid\u00e8le \u00e0 la vision artistique de Sue Mingus, le Mingus Big Band, compos\u00e9 de 14 musiciens parmi les meilleurs des Etats-Unis, tourne largement aux \u00c9tats-Unis et \u00e0 l&#8217;\u00e9tranger et compte douze enregistrements \u00e0 son actif, dont six ont \u00e9t\u00e9 nomin\u00e9s aux Grammy Awards et ont remport\u00e9 un prix en 2011. Un nouvel album, intitul\u00e9 &#8220;The Charles Mingus Centennial Sessions&#8221;, a \u00e9t\u00e9 publi\u00e9 en octobre 2022. Le deuxi\u00e8me volume sera publi\u00e9 en 2023.<\/p>\n<p>Notre professeur Alex Terrier fait parti du Big Band depuis 2012, vous trouverez plus d&#8217;informations sur Alex sur son <a href=\"https:\/\/alexterriermusic.com\/home\">site internet<\/a>.<\/p>\n<p><img fetchpriority=\"high\" decoding=\"async\" class=\"alignnone wp-image-12517 size-large\" src=\"https:\/\/www.asmm.fr\/wp-content\/uploads\/2023\/11\/Mingus_cover_final-1024x1024.webp\" alt=\"\" width=\"640\" height=\"640\" \/> <img decoding=\"async\" class=\"alignnone wp-image-12519 size-large\" src=\"https:\/\/www.asmm.fr\/wp-content\/uploads\/2023\/11\/Screenshot2023-11-10at11.27.01AM-1024x576.png\" alt=\"\" width=\"640\" height=\"360\" \/><\/p>\n","protected":false},"excerpt":{"rendered":"<p>\/\/\u00c9v\u00e8nement professeur\/\/ Nous avons le plaisir d&#8217;annoncer que notre professeur Alex Terrier Music vient d&#8217;\u00eatre nomin\u00e9 avec le Mingus Big Band aux Grammy Awards avec leur dernier album The Centennial Sessions! Les\u00a0Grammy Awards\u00a0ou\u00a0Grammys\u00a0(initialement intitul\u00e9es les\u00a0Gramophone Awards) sont des r\u00e9compenses cr\u00e9\u00e9es en 1958\u00a0d\u00e9cern\u00e9es chaque ann\u00e9e aux US\u00a0\u00a0par la\u00a0National Academy of Recording Arts and Sciences\u00a0afin d&#8217;honorer les [&hellip;]<\/p>\n","protected":false},"author":3,"featured_media":12521,"comment_status":"closed","ping_status":"closed","sticky":false,"template":"","format":"standard","meta":{"_acf_changed":false,"mc4wp_mailchimp_campaign":[],"footnotes":""},"categories":[9,6],"tags":[],"class_list":["post-12515","post","type-post","status-publish","format-standard","has-post-thumbnail","hentry","category-news","category-ticker"],"acf":[],"yoast_head":"<!-- This site is optimized with the Yoast SEO plugin v27.5 - https:\/\/yoast.com\/product\/yoast-seo-wordpress\/ -->\n<title>Professeur Alex Terrier nomin\u00e9 aux Grammy Awards - American School of Modern Music<\/title>\n<meta name=\"description\" content=\"Notre professeur Alex Terrier nomin\u00e9 aux Grammy Awards 2023 avec le Mingus Big Band.\" \/>\n<meta name=\"robots\" content=\"index, follow, max-snippet:-1, max-image-preview:large, max-video-preview:-1\" \/>\n<link rel=\"canonical\" href=\"https:\/\/www.asmm.fr\/en\/professeur-alex-terrier-nomine-aux-grammy-awards\/\" \/>\n<meta property=\"og:locale\" content=\"en_US\" \/>\n<meta property=\"og:type\" content=\"article\" \/>\n<meta property=\"og:title\" content=\"Professeur Alex Terrier nomin\u00e9 aux Grammy Awards - American School of Modern Music\" \/>\n<meta property=\"og:description\" content=\"Notre professeur Alex Terrier nomin\u00e9 aux Grammy Awards 2023 avec le Mingus Big Band.\" \/>\n<meta property=\"og:url\" content=\"https:\/\/www.asmm.fr\/en\/professeur-alex-terrier-nomine-aux-grammy-awards\/\" \/>\n<meta property=\"og:site_name\" content=\"American School of Modern Music\" \/>\n<meta property=\"article:publisher\" content=\"https:\/\/www.facebook.com\/asmm.fr\/\" \/>\n<meta property=\"article:published_time\" content=\"2023-11-13T09:56:56+00:00\" \/>\n<meta property=\"article:modified_time\" content=\"2025-01-17T11:51:22+00:00\" \/>\n<meta property=\"og:image\" content=\"https:\/\/www.asmm.fr\/wp-content\/uploads\/2023\/11\/meta_eyJzcmNCdWNrZXQiOiJiemdsZmlsZXMifQ-jpeg-1.webp\" \/>\n\t<meta property=\"og:image:width\" content=\"640\" \/>\n\t<meta property=\"og:image:height\" content=\"444\" \/>\n\t<meta property=\"og:image:type\" content=\"image\/webp\" \/>\n<meta name=\"author\" content=\"ASMM\" \/>\n<meta name=\"twitter:card\" content=\"summary_large_image\" \/>\n<meta name=\"twitter:creator\" content=\"@AsmmParis\" \/>\n<meta name=\"twitter:site\" content=\"@AsmmParis\" \/>\n<meta name=\"twitter:label1\" content=\"Written by\" \/>\n\t<meta name=\"twitter:data1\" content=\"ASMM\" \/>\n\t<meta name=\"twitter:label2\" content=\"Est. reading time\" \/>\n\t<meta name=\"twitter:data2\" content=\"2 minutes\" \/>\n<script type=\"application\/ld+json\" class=\"yoast-schema-graph\">{\"@context\":\"https:\\\/\\\/schema.org\",\"@graph\":[{\"@type\":\"Article\",\"@id\":\"https:\\\/\\\/www.asmm.fr\\\/en\\\/professeur-alex-terrier-nomine-aux-grammy-awards\\\/#article\",\"isPartOf\":{\"@id\":\"https:\\\/\\\/www.asmm.fr\\\/en\\\/professeur-alex-terrier-nomine-aux-grammy-awards\\\/\"},\"author\":{\"name\":\"ASMM\",\"@id\":\"https:\\\/\\\/www.asmm.fr\\\/en\\\/#\\\/schema\\\/person\\\/773bda4e974473158b0f60ff0f76023d\"},\"headline\":\"Professeur Alex Terrier nomin\u00e9 aux Grammy Awards\",\"datePublished\":\"2023-11-13T09:56:56+00:00\",\"dateModified\":\"2025-01-17T11:51:22+00:00\",\"mainEntityOfPage\":{\"@id\":\"https:\\\/\\\/www.asmm.fr\\\/en\\\/professeur-alex-terrier-nomine-aux-grammy-awards\\\/\"},\"wordCount\":190,\"publisher\":{\"@id\":\"https:\\\/\\\/www.asmm.fr\\\/en\\\/#organization\"},\"image\":{\"@id\":\"https:\\\/\\\/www.asmm.fr\\\/en\\\/professeur-alex-terrier-nomine-aux-grammy-awards\\\/#primaryimage\"},\"thumbnailUrl\":\"https:\\\/\\\/www.asmm.fr\\\/wp-content\\\/uploads\\\/2023\\\/11\\\/meta_eyJzcmNCdWNrZXQiOiJiemdsZmlsZXMifQ-jpeg-1.webp\",\"articleSection\":[\"News\",\"Ticker\"],\"inLanguage\":\"en-US\"},{\"@type\":\"WebPage\",\"@id\":\"https:\\\/\\\/www.asmm.fr\\\/en\\\/professeur-alex-terrier-nomine-aux-grammy-awards\\\/\",\"url\":\"https:\\\/\\\/www.asmm.fr\\\/en\\\/professeur-alex-terrier-nomine-aux-grammy-awards\\\/\",\"name\":\"Professeur Alex Terrier nomin\u00e9 aux Grammy Awards - American School of Modern Music\",\"isPartOf\":{\"@id\":\"https:\\\/\\\/www.asmm.fr\\\/en\\\/#website\"},\"primaryImageOfPage\":{\"@id\":\"https:\\\/\\\/www.asmm.fr\\\/en\\\/professeur-alex-terrier-nomine-aux-grammy-awards\\\/#primaryimage\"},\"image\":{\"@id\":\"https:\\\/\\\/www.asmm.fr\\\/en\\\/professeur-alex-terrier-nomine-aux-grammy-awards\\\/#primaryimage\"},\"thumbnailUrl\":\"https:\\\/\\\/www.asmm.fr\\\/wp-content\\\/uploads\\\/2023\\\/11\\\/meta_eyJzcmNCdWNrZXQiOiJiemdsZmlsZXMifQ-jpeg-1.webp\",\"datePublished\":\"2023-11-13T09:56:56+00:00\",\"dateModified\":\"2025-01-17T11:51:22+00:00\",\"description\":\"Notre professeur Alex Terrier nomin\u00e9 aux Grammy Awards 2023 avec le Mingus Big Band.\",\"breadcrumb\":{\"@id\":\"https:\\\/\\\/www.asmm.fr\\\/en\\\/professeur-alex-terrier-nomine-aux-grammy-awards\\\/#breadcrumb\"},\"inLanguage\":\"en-US\",\"potentialAction\":[{\"@type\":\"ReadAction\",\"target\":[\"https:\\\/\\\/www.asmm.fr\\\/en\\\/professeur-alex-terrier-nomine-aux-grammy-awards\\\/\"]}]},{\"@type\":\"ImageObject\",\"inLanguage\":\"en-US\",\"@id\":\"https:\\\/\\\/www.asmm.fr\\\/en\\\/professeur-alex-terrier-nomine-aux-grammy-awards\\\/#primaryimage\",\"url\":\"https:\\\/\\\/www.asmm.fr\\\/wp-content\\\/uploads\\\/2023\\\/11\\\/meta_eyJzcmNCdWNrZXQiOiJiemdsZmlsZXMifQ-jpeg-1.webp\",\"contentUrl\":\"https:\\\/\\\/www.asmm.fr\\\/wp-content\\\/uploads\\\/2023\\\/11\\\/meta_eyJzcmNCdWNrZXQiOiJiemdsZmlsZXMifQ-jpeg-1.webp\",\"width\":640,\"height\":444},{\"@type\":\"BreadcrumbList\",\"@id\":\"https:\\\/\\\/www.asmm.fr\\\/en\\\/professeur-alex-terrier-nomine-aux-grammy-awards\\\/#breadcrumb\",\"itemListElement\":[{\"@type\":\"ListItem\",\"position\":1,\"name\":\"Accueil\",\"item\":\"https:\\\/\\\/www.asmm.fr\\\/en\\\/\"},{\"@type\":\"ListItem\",\"position\":2,\"name\":\"Professeur Alex Terrier nomin\u00e9 aux Grammy Awards\"}]},{\"@type\":\"WebSite\",\"@id\":\"https:\\\/\\\/www.asmm.fr\\\/en\\\/#website\",\"url\":\"https:\\\/\\\/www.asmm.fr\\\/en\\\/\",\"name\":\"American School of Modern Music\",\"description\":\"\",\"publisher\":{\"@id\":\"https:\\\/\\\/www.asmm.fr\\\/en\\\/#organization\"},\"potentialAction\":[{\"@type\":\"SearchAction\",\"target\":{\"@type\":\"EntryPoint\",\"urlTemplate\":\"https:\\\/\\\/www.asmm.fr\\\/en\\\/?s={search_term_string}\"},\"query-input\":{\"@type\":\"PropertyValueSpecification\",\"valueRequired\":true,\"valueName\":\"search_term_string\"}}],\"inLanguage\":\"en-US\"},{\"@type\":\"Organization\",\"@id\":\"https:\\\/\\\/www.asmm.fr\\\/en\\\/#organization\",\"name\":\"American School of Modern Music\",\"url\":\"https:\\\/\\\/www.asmm.fr\\\/en\\\/\",\"logo\":{\"@type\":\"ImageObject\",\"inLanguage\":\"en-US\",\"@id\":\"https:\\\/\\\/www.asmm.fr\\\/en\\\/#\\\/schema\\\/logo\\\/image\\\/\",\"url\":\"https:\\\/\\\/www.asmm.fr\\\/wp-content\\\/uploads\\\/2020\\\/09\\\/cropped-Round-asmm-logo-1.png\",\"contentUrl\":\"https:\\\/\\\/www.asmm.fr\\\/wp-content\\\/uploads\\\/2020\\\/09\\\/cropped-Round-asmm-logo-1.png\",\"width\":512,\"height\":512,\"caption\":\"American School of Modern Music\"},\"image\":{\"@id\":\"https:\\\/\\\/www.asmm.fr\\\/en\\\/#\\\/schema\\\/logo\\\/image\\\/\"},\"sameAs\":[\"https:\\\/\\\/www.facebook.com\\\/asmm.fr\\\/\",\"https:\\\/\\\/x.com\\\/AsmmParis\",\"http:\\\/\\\/www.instagram.com\\\/asmmofficial\\\/\",\"https:\\\/\\\/www.youtube.com\\\/channel\\\/UCLhKwvFjBzMHOfjrFW0KCVA\"]},{\"@type\":\"Person\",\"@id\":\"https:\\\/\\\/www.asmm.fr\\\/en\\\/#\\\/schema\\\/person\\\/773bda4e974473158b0f60ff0f76023d\",\"name\":\"ASMM\",\"image\":{\"@type\":\"ImageObject\",\"inLanguage\":\"en-US\",\"@id\":\"https:\\\/\\\/secure.gravatar.com\\\/avatar\\\/6c5788c87f133855884dca3ce5263ee6e918196a01e8edd2de38e1bbca64ef2f?s=96&d=mm&r=g\",\"url\":\"https:\\\/\\\/secure.gravatar.com\\\/avatar\\\/6c5788c87f133855884dca3ce5263ee6e918196a01e8edd2de38e1bbca64ef2f?s=96&d=mm&r=g\",\"contentUrl\":\"https:\\\/\\\/secure.gravatar.com\\\/avatar\\\/6c5788c87f133855884dca3ce5263ee6e918196a01e8edd2de38e1bbca64ef2f?s=96&d=mm&r=g\",\"caption\":\"ASMM\"}}]}<\/script>\n<!-- \/ Yoast SEO plugin. -->","yoast_head_json":{"title":"Professeur Alex Terrier nomin\u00e9 aux Grammy Awards - American School of Modern Music","description":"Notre professeur Alex Terrier nomin\u00e9 aux Grammy Awards 2023 avec le Mingus Big Band.","robots":{"index":"index","follow":"follow","max-snippet":"max-snippet:-1","max-image-preview":"max-image-preview:large","max-video-preview":"max-video-preview:-1"},"canonical":"https:\/\/www.asmm.fr\/en\/professeur-alex-terrier-nomine-aux-grammy-awards\/","og_locale":"en_US","og_type":"article","og_title":"Professeur Alex Terrier nomin\u00e9 aux Grammy Awards - American School of Modern Music","og_description":"Notre professeur Alex Terrier nomin\u00e9 aux Grammy Awards 2023 avec le Mingus Big Band.","og_url":"https:\/\/www.asmm.fr\/en\/professeur-alex-terrier-nomine-aux-grammy-awards\/","og_site_name":"American School of Modern Music","article_publisher":"https:\/\/www.facebook.com\/asmm.fr\/","article_published_time":"2023-11-13T09:56:56+00:00","article_modified_time":"2025-01-17T11:51:22+00:00","og_image":[{"width":640,"height":444,"url":"https:\/\/www.asmm.fr\/wp-content\/uploads\/2023\/11\/meta_eyJzcmNCdWNrZXQiOiJiemdsZmlsZXMifQ-jpeg-1.webp","type":"image\/webp"}],"author":"ASMM","twitter_card":"summary_large_image","twitter_creator":"@AsmmParis","twitter_site":"@AsmmParis","twitter_misc":{"Written by":"ASMM","Est. reading time":"2 minutes"},"schema":{"@context":"https:\/\/schema.org","@graph":[{"@type":"Article","@id":"https:\/\/www.asmm.fr\/en\/professeur-alex-terrier-nomine-aux-grammy-awards\/#article","isPartOf":{"@id":"https:\/\/www.asmm.fr\/en\/professeur-alex-terrier-nomine-aux-grammy-awards\/"},"author":{"name":"ASMM","@id":"https:\/\/www.asmm.fr\/en\/#\/schema\/person\/773bda4e974473158b0f60ff0f76023d"},"headline":"Professeur Alex Terrier nomin\u00e9 aux Grammy Awards","datePublished":"2023-11-13T09:56:56+00:00","dateModified":"2025-01-17T11:51:22+00:00","mainEntityOfPage":{"@id":"https:\/\/www.asmm.fr\/en\/professeur-alex-terrier-nomine-aux-grammy-awards\/"},"wordCount":190,"publisher":{"@id":"https:\/\/www.asmm.fr\/en\/#organization"},"image":{"@id":"https:\/\/www.asmm.fr\/en\/professeur-alex-terrier-nomine-aux-grammy-awards\/#primaryimage"},"thumbnailUrl":"https:\/\/www.asmm.fr\/wp-content\/uploads\/2023\/11\/meta_eyJzcmNCdWNrZXQiOiJiemdsZmlsZXMifQ-jpeg-1.webp","articleSection":["News","Ticker"],"inLanguage":"en-US"},{"@type":"WebPage","@id":"https:\/\/www.asmm.fr\/en\/professeur-alex-terrier-nomine-aux-grammy-awards\/","url":"https:\/\/www.asmm.fr\/en\/professeur-alex-terrier-nomine-aux-grammy-awards\/","name":"Professeur Alex Terrier nomin\u00e9 aux Grammy Awards - American School of Modern Music","isPartOf":{"@id":"https:\/\/www.asmm.fr\/en\/#website"},"primaryImageOfPage":{"@id":"https:\/\/www.asmm.fr\/en\/professeur-alex-terrier-nomine-aux-grammy-awards\/#primaryimage"},"image":{"@id":"https:\/\/www.asmm.fr\/en\/professeur-alex-terrier-nomine-aux-grammy-awards\/#primaryimage"},"thumbnailUrl":"https:\/\/www.asmm.fr\/wp-content\/uploads\/2023\/11\/meta_eyJzcmNCdWNrZXQiOiJiemdsZmlsZXMifQ-jpeg-1.webp","datePublished":"2023-11-13T09:56:56+00:00","dateModified":"2025-01-17T11:51:22+00:00","description":"Notre professeur Alex Terrier nomin\u00e9 aux Grammy Awards 2023 avec le Mingus Big Band.","breadcrumb":{"@id":"https:\/\/www.asmm.fr\/en\/professeur-alex-terrier-nomine-aux-grammy-awards\/#breadcrumb"},"inLanguage":"en-US","potentialAction":[{"@type":"ReadAction","target":["https:\/\/www.asmm.fr\/en\/professeur-alex-terrier-nomine-aux-grammy-awards\/"]}]},{"@type":"ImageObject","inLanguage":"en-US","@id":"https:\/\/www.asmm.fr\/en\/professeur-alex-terrier-nomine-aux-grammy-awards\/#primaryimage","url":"https:\/\/www.asmm.fr\/wp-content\/uploads\/2023\/11\/meta_eyJzcmNCdWNrZXQiOiJiemdsZmlsZXMifQ-jpeg-1.webp","contentUrl":"https:\/\/www.asmm.fr\/wp-content\/uploads\/2023\/11\/meta_eyJzcmNCdWNrZXQiOiJiemdsZmlsZXMifQ-jpeg-1.webp","width":640,"height":444},{"@type":"BreadcrumbList","@id":"https:\/\/www.asmm.fr\/en\/professeur-alex-terrier-nomine-aux-grammy-awards\/#breadcrumb","itemListElement":[{"@type":"ListItem","position":1,"name":"Accueil","item":"https:\/\/www.asmm.fr\/en\/"},{"@type":"ListItem","position":2,"name":"Professeur Alex Terrier nomin\u00e9 aux Grammy Awards"}]},{"@type":"WebSite","@id":"https:\/\/www.asmm.fr\/en\/#website","url":"https:\/\/www.asmm.fr\/en\/","name":"American School of Modern Music","description":"","publisher":{"@id":"https:\/\/www.asmm.fr\/en\/#organization"},"potentialAction":[{"@type":"SearchAction","target":{"@type":"EntryPoint","urlTemplate":"https:\/\/www.asmm.fr\/en\/?s={search_term_string}"},"query-input":{"@type":"PropertyValueSpecification","valueRequired":true,"valueName":"search_term_string"}}],"inLanguage":"en-US"},{"@type":"Organization","@id":"https:\/\/www.asmm.fr\/en\/#organization","name":"American School of Modern Music","url":"https:\/\/www.asmm.fr\/en\/","logo":{"@type":"ImageObject","inLanguage":"en-US","@id":"https:\/\/www.asmm.fr\/en\/#\/schema\/logo\/image\/","url":"https:\/\/www.asmm.fr\/wp-content\/uploads\/2020\/09\/cropped-Round-asmm-logo-1.png","contentUrl":"https:\/\/www.asmm.fr\/wp-content\/uploads\/2020\/09\/cropped-Round-asmm-logo-1.png","width":512,"height":512,"caption":"American School of Modern Music"},"image":{"@id":"https:\/\/www.asmm.fr\/en\/#\/schema\/logo\/image\/"},"sameAs":["https:\/\/www.facebook.com\/asmm.fr\/","https:\/\/x.com\/AsmmParis","http:\/\/www.instagram.com\/asmmofficial\/","https:\/\/www.youtube.com\/channel\/UCLhKwvFjBzMHOfjrFW0KCVA"]},{"@type":"Person","@id":"https:\/\/www.asmm.fr\/en\/#\/schema\/person\/773bda4e974473158b0f60ff0f76023d","name":"ASMM","image":{"@type":"ImageObject","inLanguage":"en-US","@id":"https:\/\/secure.gravatar.com\/avatar\/6c5788c87f133855884dca3ce5263ee6e918196a01e8edd2de38e1bbca64ef2f?s=96&d=mm&r=g","url":"https:\/\/secure.gravatar.com\/avatar\/6c5788c87f133855884dca3ce5263ee6e918196a01e8edd2de38e1bbca64ef2f?s=96&d=mm&r=g","contentUrl":"https:\/\/secure.gravatar.com\/avatar\/6c5788c87f133855884dca3ce5263ee6e918196a01e8edd2de38e1bbca64ef2f?s=96&d=mm&r=g","caption":"ASMM"}}]}},"_links":{"self":[{"href":"https:\/\/www.asmm.fr\/en\/wp-json\/wp\/v2\/posts\/12515","targetHints":{"allow":["GET"]}}],"collection":[{"href":"https:\/\/www.asmm.fr\/en\/wp-json\/wp\/v2\/posts"}],"about":[{"href":"https:\/\/www.asmm.fr\/en\/wp-json\/wp\/v2\/types\/post"}],"author":[{"embeddable":true,"href":"https:\/\/www.asmm.fr\/en\/wp-json\/wp\/v2\/users\/3"}],"replies":[{"embeddable":true,"href":"https:\/\/www.asmm.fr\/en\/wp-json\/wp\/v2\/comments?post=12515"}],"version-history":[{"count":1,"href":"https:\/\/www.asmm.fr\/en\/wp-json\/wp\/v2\/posts\/12515\/revisions"}],"predecessor-version":[{"id":13881,"href":"https:\/\/www.asmm.fr\/en\/wp-json\/wp\/v2\/posts\/12515\/revisions\/13881"}],"wp:featuredmedia":[{"embeddable":true,"href":"https:\/\/www.asmm.fr\/en\/wp-json\/wp\/v2\/media\/12521"}],"wp:attachment":[{"href":"https:\/\/www.asmm.fr\/en\/wp-json\/wp\/v2\/media?parent=12515"}],"wp:term":[{"taxonomy":"category","embeddable":true,"href":"https:\/\/www.asmm.fr\/en\/wp-json\/wp\/v2\/categories?post=12515"},{"taxonomy":"post_tag","embeddable":true,"href":"https:\/\/www.asmm.fr\/en\/wp-json\/wp\/v2\/tags?post=12515"}],"curies":[{"name":"wp","href":"https:\/\/api.w.org\/{rel}","templated":true}]}}